{"id":7386,"date":"2024-04-04T09:38:50","date_gmt":"2024-04-04T08:38:50","guid":{"rendered":"https:\/\/afc-weidhausen.de\/?p=7386"},"modified":"2024-04-07T07:44:57","modified_gmt":"2024-04-07T06:44:57","slug":"ausstellungsnachlese-des-afc-weidhausen","status":"publish","type":"post","link":"https:\/\/afc-weidhausen.de\/?p=7386","title":{"rendered":"Ausstellungsnachlese des AFC Weidhausen"},"content":{"rendered":"<p>Die diesj\u00e4hrige Fotoausstellung an Karfreitag und Ostersonntag war von gro\u00dfem Interesse an den ausgestellten Bildern und vielen Gespr\u00e4chen bei Kaffee und Kuchen gepr\u00e4gt. Am Karfreitag zur offiziellen Er\u00f6ffnung mit Landrat Straubel und B\u00fcrgermeister M\u00f6nch konnten zahlreiche G\u00e4ste in der Grundschule Weidhausen begr\u00fc\u00dft werden. Etliche Mitglieder von befreundeten Fotoclubs aus dem Umkreis fanden ebenfalls an beiden Feiertagen ihren Weg nach Weidhausen. Bei der traditionellen Verlosung der Lieblingsbilder am Ostersonntag durften drei G\u00e4ste ihre Favoriten mit nachhause nehmen. Neben den 98 ausgestellten Bildern gab es auch 4 AV-Shows (Audiovision) mit den Themen \u201eKloster Banz\u201c, \u201eAmsterdam\u201c, \u201eSTRAAT-Museum\u201c und \u201eEuphrasia-Basilika Porec\u201c zu sehen.<\/p>\n<p>Der AFC Weidhausen teilte sich die Ausstellungsfl\u00e4che mit Walter Seigerschmidt, der zu den Schwerpunkten \u201eHistorische Aufnahmen aus den Ortsvereinen\u201c und \u201eAhnentafel der Familien Birnstiel und Hofmann\u201c ausstellte, sowie einen Dokumentarfilm vom Bayerischen Rundfunk \u00fcber den Wandel von lokaler Korbwarenproduktion zur Polsterwarenindustrie zeigte.<\/p>\n<h6><a href=\"https:\/\/afc-weidhausen.de\/wp-content\/uploads\/2024\/04\/Fotoausstellung-2024-126.jpg\"><img loading=\"lazy\" decoding=\"async\" class=\"aligncenter size-large wp-image-7387\" src=\"https:\/\/afc-weidhausen.de\/wp-content\/uploads\/2024\/04\/Fotoausstellung-2024-126-1024x993.jpg\" alt=\"\" width=\"756\" height=\"733\" \/>Walter Seigerschmidt, Landrat Sebastian Straubel, 2. Vorsitzender Gunther Lersch, B\u00fcrgermeister Markus M\u00f6nch Foto: L. Fichtel<\/a><\/h6>\n<p>Die gl\u00fccklichen Gewinner mit ihrem Lieblingsbild waren<\/p>\n<ul>\n<li>Lara Angerm\u00fcller, Weidhausen<\/li>\n<li>Sonja Seidel, Schneckenlohe<\/li>\n<li>Anna Panzer, Weidhausen<\/li>\n<\/ul>\n<p><a href=\"https:\/\/afc-weidhausen.de\/wp-content\/uploads\/2024\/04\/Fotoausstellung-2024-240.jpg\"><img loading=\"lazy\" decoding=\"async\" class=\"aligncenter size-large wp-image-7388\" src=\"https:\/\/afc-weidhausen.de\/wp-content\/uploads\/2024\/04\/Fotoausstellung-2024-240-1024x993.jpg\" alt=\"\" width=\"756\" height=\"733\" \/><\/a><\/p>\n<h6>Lara Angerm\u00fcller, Sonja Seidel, 1.Vors. G\u00fcnther Schmidt i.V. f\u00fcr Anna Panzer, 2.Vors. Gunther Lersch mit Gl\u00fccksprinz Alwin Foto: L. Fichtel<\/h6>\n<p>Link zu den ausgestellten Bildern Ostern 2024:\u00a0<a href=\"https:\/\/afc-weidhausen.de\/?page_id=7338\">https:\/\/afc-weidhausen.de\/?page_id=7338<\/a><\/p>\n<p>&nbsp;<\/p>\n","protected":false},"excerpt":{"rendered":"<p>Die diesj\u00e4hrige Fotoausstellung an Karfreitag und Ostersonntag war von gro\u00dfem Interesse an den ausgestellten Bildern und vielen Gespr\u00e4chen bei Kaffee und Kuchen gepr\u00e4gt. Am Karfreitag zur offiziellen Er\u00f6ffnung mit Landrat Straubel und B\u00fcrgermeister M\u00f6nch konnten zahlreiche G\u00e4ste in der Grundschule Weidhausen begr\u00fc\u00dft werden. Etliche Mitglieder &hellip; <a href=\"https:\/\/afc-weidhausen.de\/?p=7386\" class=\"more-link\"><span>Continue reading<span class=\"screen-reader-text\">Ausstellungsnachlese des AFC Weidhausen<\/span><\/span><\/a><\/p>\n","protected":false},"author":4,"featured_media":7387,"comment_status":"closed","ping_status":"closed","sticky":false,"template":"","format":"standard","meta":{"cybocfi_hide_featured_image":"yes","footnotes":""},"categories":[1],"tags":[],"class_list":["post-7386","post","type-post","status-publish","format-standard","has-post-thumbnail","hentry","category-news"],"_links":{"self":[{"href":"https:\/\/afc-weidhausen.de\/index.php?rest_route=\/wp\/v2\/posts\/7386","targetHints":{"allow":["GET"]}}],"collection":[{"href":"https:\/\/afc-weidhausen.de\/index.php?rest_route=\/wp\/v2\/posts"}],"about":[{"href":"https:\/\/afc-weidhausen.de\/index.php?rest_route=\/wp\/v2\/types\/post"}],"author":[{"embeddable":true,"href":"https:\/\/afc-weidhausen.de\/index.php?rest_route=\/wp\/v2\/users\/4"}],"replies":[{"embeddable":true,"href":"https:\/\/afc-weidhausen.de\/index.php?rest_route=%2Fwp%2Fv2%2Fcomments&post=7386"}],"version-history":[{"count":7,"href":"https:\/\/afc-weidhausen.de\/index.php?rest_route=\/wp\/v2\/posts\/7386\/revisions"}],"predecessor-version":[{"id":7426,"href":"https:\/\/afc-weidhausen.de\/index.php?rest_route=\/wp\/v2\/posts\/7386\/revisions\/7426"}],"wp:featuredmedia":[{"embeddable":true,"href":"https:\/\/afc-weidhausen.de\/index.php?rest_route=\/wp\/v2\/media\/7387"}],"wp:attachment":[{"href":"https:\/\/afc-weidhausen.de\/index.php?rest_route=%2Fwp%2Fv2%2Fmedia&parent=7386"}],"wp:term":[{"taxonomy":"category","embeddable":true,"href":"https:\/\/afc-weidhausen.de\/index.php?rest_route=%2Fwp%2Fv2%2Fcategories&post=7386"},{"taxonomy":"post_tag","embeddable":true,"href":"https:\/\/afc-weidhausen.de\/index.php?rest_route=%2Fwp%2Fv2%2Ftags&post=7386"}],"curies":[{"name":"wp","href":"https:\/\/api.w.org\/{rel}","templated":true}]}}